{"id":24548,"date":"2018-12-31T17:42:58","date_gmt":"2018-12-31T17:42:58","guid":{"rendered":"http:\/\/www.fumuecuador.org\/?p=24548"},"modified":"2020-04-14T15:35:49","modified_gmt":"2020-04-14T15:35:49","slug":"alles-gute-fuer-das-neue-jahr-2019","status":"publish","type":"post","link":"http:\/\/www.fumuecuador.org\/?p=24548","title":{"rendered":"Quarant\u00e4ne wegen Coronavirus"},"content":{"rendered":"<p>23. M\u00e4rz 2020<\/p>\n<p>Leider ist auch in Ecuador der Coronavirus angekommen. In der Provinz Carchi, in welcher unsere Stiftung t\u00e4tig ist, gibt es bisher noch keinen positiven Fall.<br \/>\nDennoch hat die Staatsregierung seit eineinhalb Woche die Grenzen und Flugh\u00e4fen f\u00fcr ankommende Fl\u00fcge aus dem Ausland geschlossen und seit Montag letzter Woche hat die Bev\u00f6lkerung Ausgangssperre.<br \/>\nNur zum Einkauf der notwendigen Lebensmittel darf man aus dem Haus, das Autofahren ist eingeschr\u00e4nkt &#8211; nur mit einer speziellen E<span class=\"text_exposed_show\">rlaubnis darf man von einer Provinz zur anderen fahren, auch innerhalb der St\u00e4dte wird von der Polizei gepr\u00fcft, wohin man m\u00f6chte.<br \/>\nEcuador trifft es hart, auch wenn bisher sie Corona-F\u00e4lle gering sind, wirken sich die Ma\u00dfnahmen im ganzen Land aus. Die wenigsten haben eine stabile Arbeit, noch weniger eine Sozialversicherung. Hier hat niemand gespartes Geld f\u00fcr Notf\u00e4lle. Man lebt quasi von der \u00abHand im Mund\u00bb. Wer nicht arbeiten geht, verdient nichts &#8211; wer nichts verdient, isst nichts&#8230;.<span class=\"_5mfr\"><span class=\"_6qdm\">\ud83d\ude1f<\/span><\/span><br \/>\nUnsere Eltern der Paten- und Kindergartenkinder arbeiten zumeist als Tagel\u00f6hner, doch derzeit steht alles still, niemand wird f\u00fcr die Arbeit auf dem Feld mitgenommen.<br \/>\nHoffen wir, dass die Quarant\u00e4ne ihren Zweck erf\u00fcllt und die Leute bald wieder arbeiten gehen d\u00fcrfen.<\/span><\/p>\n<p><img decoding=\"async\" loading=\"lazy\" class=\"alignnone size-medium wp-image-24599\" src=\"http:\/\/www.fumuecuador.org\/wp-content\/uploads\/2018\/12\/IMG-20200323-WA0018-169x300.jpg\" alt=\"\" width=\"169\" height=\"300\" srcset=\"http:\/\/www.fumuecuador.org\/wp-content\/uploads\/2018\/12\/IMG-20200323-WA0018-169x300.jpg 169w, http:\/\/www.fumuecuador.org\/wp-content\/uploads\/2018\/12\/IMG-20200323-WA0018-576x1024.jpg 576w, http:\/\/www.fumuecuador.org\/wp-content\/uploads\/2018\/12\/IMG-20200323-WA0018.jpg 581w\" sizes=\"(max-width: 169px) 100vw, 169px\" \/> <img decoding=\"async\" loading=\"lazy\" class=\"alignnone size-medium wp-image-24600\" src=\"http:\/\/www.fumuecuador.org\/wp-content\/uploads\/2018\/12\/IMG-20200323-WA0019-169x300.jpg\" alt=\"\" width=\"169\" height=\"300\" srcset=\"http:\/\/www.fumuecuador.org\/wp-content\/uploads\/2018\/12\/IMG-20200323-WA0019-169x300.jpg 169w, http:\/\/www.fumuecuador.org\/wp-content\/uploads\/2018\/12\/IMG-20200323-WA0019.jpg 576w\" sizes=\"(max-width: 169px) 100vw, 169px\" \/> <img decoding=\"async\" loading=\"lazy\" class=\"alignnone size-medium wp-image-24601\" src=\"http:\/\/www.fumuecuador.org\/wp-content\/uploads\/2018\/12\/IMG-20200323-WA0020-225x300.jpg\" alt=\"\" width=\"225\" height=\"300\" srcset=\"http:\/\/www.fumuecuador.org\/wp-content\/uploads\/2018\/12\/IMG-20200323-WA0020-225x300.jpg 225w, http:\/\/www.fumuecuador.org\/wp-content\/uploads\/2018\/12\/IMG-20200323-WA0020-768x1024.jpg 768w, http:\/\/www.fumuecuador.org\/wp-content\/uploads\/2018\/12\/IMG-20200323-WA0020.jpg 774w\" sizes=\"(max-width: 225px) 100vw, 225px\" \/><\/p>\n<div style=\"width: 640px;\" class=\"wp-video\"><!--[if lt IE 9]><script>document.createElement('video');<\/script><![endif]-->\n<video class=\"wp-video-shortcode\" id=\"video-24548-1\" width=\"640\" height=\"352\" preload=\"metadata\" controls=\"controls\"><source type=\"video\/mp4\" src=\"http:\/\/www.fumuecuador.org\/wp-content\/uploads\/2018\/12\/VID-20200323-WA0029.mp4?_=1\" \/><a href=\"http:\/\/www.fumuecuador.org\/wp-content\/uploads\/2018\/12\/VID-20200323-WA0029.mp4\">http:\/\/www.fumuecuador.org\/wp-content\/uploads\/2018\/12\/VID-20200323-WA0029.mp4<\/a><\/video><\/div>\n<p>&nbsp;<\/p>\n","protected":false},"excerpt":{"rendered":"<p>23. M\u00e4rz 2020 Leider ist auch in Ecuador der Coronavirus angekommen. In der Provinz Carchi, in welcher unsere Stiftung t\u00e4tig ist, gibt es bisher noch keinen positiven Fall. Dennoch hat die Staatsregierung seit eineinhalb Woche die Grenzen und Flugh\u00e4fen f\u00fcr ankommende Fl\u00fcge aus dem Ausland geschlossen und seit Montag letzter Woche hat die Bev\u00f6lkerung Ausgangssperre. Nur zum Einkauf der notwendigen<\/p>\n<div class=\"h10\"><\/div>\n<p><a class=\"more-link2 flat\" href=\"http:\/\/www.fumuecuador.org\/?p=24548\">Read more<\/a><\/p>\n","protected":false},"author":1,"featured_media":24606,"comment_status":"closed","ping_status":"closed","sticky":false,"template":"","format":"standard","meta":[],"categories":[27],"tags":[],"jetpack_featured_media_url":"http:\/\/www.fumuecuador.org\/wp-content\/uploads\/2018\/12\/Deber-COVID.jpg","_links":{"self":[{"href":"http:\/\/www.fumuecuador.org\/index.php?rest_route=\/wp\/v2\/posts\/24548"}],"collection":[{"href":"http:\/\/www.fumuecuador.org\/index.php?rest_route=\/wp\/v2\/posts"}],"about":[{"href":"http:\/\/www.fumuecuador.org\/index.php?rest_route=\/wp\/v2\/types\/post"}],"author":[{"embeddable":true,"href":"http:\/\/www.fumuecuador.org\/index.php?rest_route=\/wp\/v2\/users\/1"}],"replies":[{"embeddable":true,"href":"http:\/\/www.fumuecuador.org\/index.php?rest_route=%2Fwp%2Fv2%2Fcomments&post=24548"}],"version-history":[{"count":7,"href":"http:\/\/www.fumuecuador.org\/index.php?rest_route=\/wp\/v2\/posts\/24548\/revisions"}],"predecessor-version":[{"id":24623,"href":"http:\/\/www.fumuecuador.org\/index.php?rest_route=\/wp\/v2\/posts\/24548\/revisions\/24623"}],"wp:featuredmedia":[{"embeddable":true,"href":"http:\/\/www.fumuecuador.org\/index.php?rest_route=\/wp\/v2\/media\/24606"}],"wp:attachment":[{"href":"http:\/\/www.fumuecuador.org\/index.php?rest_route=%2Fwp%2Fv2%2Fmedia&parent=24548"}],"wp:term":[{"taxonomy":"category","embeddable":true,"href":"http:\/\/www.fumuecuador.org\/index.php?rest_route=%2Fwp%2Fv2%2Fcategories&post=24548"},{"taxonomy":"post_tag","embeddable":true,"href":"http:\/\/www.fumuecuador.org\/index.php?rest_route=%2Fwp%2Fv2%2Ftags&post=24548"}],"curies":[{"name":"wp","href":"https:\/\/api.w.org\/{rel}","templated":true}]}}